{"id":11287,"date":"2022-02-25T21:05:58","date_gmt":"2022-02-26T03:05:58","guid":{"rendered":"https:\/\/academia.nuevocanto.com\/?p=11287"},"modified":"2025-11-02T04:07:53","modified_gmt":"2025-11-02T04:07:53","slug":"el-ser-humano-como-sujeto-social","status":"publish","type":"post","link":"https:\/\/nuevocanto.com\/en\/el-ser-humano-como-sujeto-social\/","title":{"rendered":"El ser humano como sujeto social"},"content":{"rendered":"<style>.elementor-11287 .elementor-element.elementor-element-6631587 .elementor-drop-cap{margin-inline-end:10px;}<\/style>\t\t<div data-elementor-type=\"wp-post\" data-elementor-id=\"11287\" class=\"elementor elementor-11287\">\n\t\t\t\t\t\t<section class=\"has_eae_slider elementor-section elementor-top-section elementor-element elementor-element-fa89879 elementor-section-boxed elementor-section-height-default elementor-section-height-default\" data-eae-slider=\"56992\" data-id=\"fa89879\" data-element_type=\"section\" data-e-type=\"section\">\n\t\t\t\t\t\t<div class=\"elementor-container elementor-column-gap-default\">\n\t\t\t\t\t<div class=\"has_eae_slider elementor-column elementor-col-100 elementor-top-column elementor-element elementor-element-18a2d07\" data-eae-slider=\"89179\" data-id=\"18a2d07\" data-element_type=\"column\" data-e-type=\"column\">\n\t\t\t<div class=\"elementor-widget-wrap elementor-element-populated\">\n\t\t\t\t\t\t<div class=\"elementor-element elementor-element-6631587 elementor-drop-cap-yes elementor-drop-cap-view-default elementor-widget elementor-widget-text-editor\" data-id=\"6631587\" data-element_type=\"widget\" data-e-type=\"widget\" data-settings=\"{&quot;drop_cap&quot;:&quot;yes&quot;}\" data-widget_type=\"text-editor.default\">\n\t\t\t\t\t\t\t\t\t<p>Como sujeto social, el ser humano necesita de la interacci\u00f3n y la convivencia con otros iguales para educarse y desarrollarse plenamente. No se puede entender el ser humano como individuo aislado que no necesita la relaci\u00f3n con los dem\u00e1s. De hecho, una persona adquiere la condici\u00f3n humana en el momento que se inicia su v\u00ednculo con los otros.<\/p>\n<p>Una persona es, por tanto, llamada a vivir en comunidad. La relaci\u00f3n con el resto de los miembros lo ir\u00e1 conformando y diferenciando de los dem\u00e1s. Dicha relaci\u00f3n se basa en una constante correlaci\u00f3n constante de ideas y, la conducta y la manera de actuar de un determinado sujeto producir\u00e1n efectos en la conducta del resto de miembros de un grupo social. Arist\u00f3teles, uno de los m\u00e1s importantes fil\u00f3sofos de la antig\u00fcedad griega, define al hombre como un animal pol\u00edtico, lo que en otros t\u00e9rminos significa, que como humanos necesariamente tienen que vivir en sociedad.<\/p>\n<p>Los seres humanos, al vivir en sociedad, a diferencia de los animales, se educan, se transforman para bien o para mal. Esto fuera del \u00e1mbito social ser\u00eda inviable. La socializaci\u00f3n es, por tanto, un proceso del individuo y un proceso de la sociedad. Por tanto, son dos procesos complementarios en su meta final, pero distintos en su origen, intereses, y mecanismos de actuaci\u00f3n. Uno es el inter\u00e9s de la sociedad y otro el del individuo. Por eso el fen\u00f3meno de la socializaci\u00f3n es estudiado tanto desde la Sociolog\u00eda como desde la Pedagog\u00eda.<\/p>\n<p>\u00d3scar Atencia Mico<\/p>\t\t\t\t\t\t\t\t<\/div>\n\t\t\t\t\t<\/div>\n\t\t<\/div>\n\t\t\t\t\t<\/div>\n\t\t<\/section>\n\t\t\t\t<\/div>","protected":false},"excerpt":{"rendered":"<p>Como sujeto social, el ser humano necesita de la interacci\u00f3n y la convivencia con otros iguales para educarse y desarrollarse plenamente. No se puede entender el ser humano como individuo aislado que no necesita la relaci\u00f3n con los dem\u00e1s. De hecho, una persona adquiere la condici\u00f3n humana en el momento que se inicia su v\u00ednculo [&hellip;]<\/p>\n","protected":false},"author":1,"featured_media":21566,"comment_status":"open","ping_status":"closed","sticky":false,"template":"","format":"standard","meta":{"footnotes":""},"categories":[17],"tags":[54,62,61,46,45,44,52,49,53,48,47],"class_list":["post-11287","post","type-post","status-publish","format-standard","has-post-thumbnail","hentry","category-cultura-musical","tag-alegria","tag-amigos","tag-apego","tag-aprendizaje","tag-cancion","tag-canciones","tag-canto","tag-educacion","tag-ensenanza","tag-musica","tag-ninos"],"acf":[],"_links":{"self":[{"href":"https:\/\/nuevocanto.com\/en\/wp-json\/wp\/v2\/posts\/11287","targetHints":{"allow":["GET"]}}],"collection":[{"href":"https:\/\/nuevocanto.com\/en\/wp-json\/wp\/v2\/posts"}],"about":[{"href":"https:\/\/nuevocanto.com\/en\/wp-json\/wp\/v2\/types\/post"}],"author":[{"embeddable":true,"href":"https:\/\/nuevocanto.com\/en\/wp-json\/wp\/v2\/users\/1"}],"replies":[{"embeddable":true,"href":"https:\/\/nuevocanto.com\/en\/wp-json\/wp\/v2\/comments?post=11287"}],"version-history":[{"count":2,"href":"https:\/\/nuevocanto.com\/en\/wp-json\/wp\/v2\/posts\/11287\/revisions"}],"predecessor-version":[{"id":21343,"href":"https:\/\/nuevocanto.com\/en\/wp-json\/wp\/v2\/posts\/11287\/revisions\/21343"}],"wp:featuredmedia":[{"embeddable":true,"href":"https:\/\/nuevocanto.com\/en\/wp-json\/wp\/v2\/media\/21566"}],"wp:attachment":[{"href":"https:\/\/nuevocanto.com\/en\/wp-json\/wp\/v2\/media?parent=11287"}],"wp:term":[{"taxonomy":"category","embeddable":true,"href":"https:\/\/nuevocanto.com\/en\/wp-json\/wp\/v2\/categories?post=11287"},{"taxonomy":"post_tag","embeddable":true,"href":"https:\/\/nuevocanto.com\/en\/wp-json\/wp\/v2\/tags?post=11287"}],"curies":[{"name":"wp","href":"https:\/\/api.w.org\/{rel}","templated":true}]}}